{"id":17333,"date":"2024-04-02T11:59:53","date_gmt":"2024-04-02T15:59:53","guid":{"rendered":"https:\/\/brand.switch.makemagik.com\/global-excel-annonce-la-nomination-dun-nouveau-pdg-et-dun-nouveau-president-executif\/"},"modified":"2024-11-13T10:18:54","modified_gmt":"2024-11-13T15:18:54","slug":"global-excel-annonce-la-nomination-dun-nouveau-pdg-et-dun-nouveau-president-executif","status":"publish","type":"post","link":"https:\/\/globalexcel.com\/fr\/global-excel-annonce-la-nomination-dun-nouveau-pdg-et-dun-nouveau-president-executif\/","title":{"rendered":"Global Excel annonce la nomination d&rsquo;un nouveau PDG et d&rsquo;un nouveau pr\u00e9sident ex\u00e9cutif"},"content":{"rendered":"<p><span data-contrast=\"auto\">Le 26 mars 2024\u00a0\u00a0<\/span><span data-ccp-props=\"{&quot;335551550&quot;:6,&quot;335551620&quot;:6}\">\u00a0<\/span><\/p>\n<p><span data-contrast=\"auto\">\u00a0<\/span><span data-ccp-props=\"{&quot;335551550&quot;:6,&quot;335551620&quot;:6}\">\u00a0<\/span><\/p>\n<p><span data-contrast=\"auto\">Gestion Global Excel inc. a annonc\u00e9 aujourd&rsquo;hui qu&rsquo;\u00e0 compter du 26 mars, 2024, Reg Allatt, PDG, assumera un nouveau r\u00f4le de pr\u00e9sident ex\u00e9cutif du conseil d&rsquo;administration; Steve Allatt, pr\u00e9sident du conseil d&rsquo;administration, assumera un nouveau r\u00f4le de pr\u00e9sident \u00e9m\u00e9rite; et Phil Hibbert, actuel pr\u00e9sident des affaires r\u00e9gionales du Canada et chef du d\u00e9veloppement des affaires, a \u00e9t\u00e9 nomm\u00e9 PDG.\u00a0\u00a0<\/span><span data-ccp-props=\"{&quot;134233117&quot;:false,&quot;134233118&quot;:false,&quot;201341983&quot;:0,&quot;335551550&quot;:6,&quot;335551620&quot;:6,&quot;335559685&quot;:0,&quot;335559737&quot;:0,&quot;335559738&quot;:0,&quot;335559739&quot;:160,&quot;335559740&quot;:279}\">\u00a0<\/span><\/p>\n<p><span data-contrast=\"auto\">Depuis pr\u00e8s de 30 ans, sous la direction de Steve et Reg, Global Excel s&rsquo;est transform\u00e9e d&rsquo;une entreprise d&rsquo;assistance et de gestion de cas m\u00e9dicaux ax\u00e9e sur la gestion des r\u00e9clamations m\u00e9dicales de notre soci\u00e9t\u00e9 m\u00e8re de <\/span><span data-contrast=\"none\">l&rsquo;\u00e9poque, Expert Travel Financial Security (etfs)<\/span><span data-contrast=\"auto\">, pour devenir aujourd&rsquo;hui l&rsquo;une des plus importantes entreprises ind\u00e9pendantes de gestion des risques en mati\u00e8re de sant\u00e9. Depuis sa fondation en 1996, Global Excel a connu une croissance rentable et fructueuse. Aujourd&rsquo;hui, avec plus de 1 400 employ\u00e9s dans 9 pays, nous offrons une gamme compl\u00e8te de services \u00e0 plus de 1 800 clients situ\u00e9s dans plus de 90 pays \u00e0 travers le monde. Gr\u00e2ce \u00e0 ce changement \u00e9volutif dans la structure de direction de Global Excel, l&rsquo;entreprise sera bien positionn\u00e9e pour poursuivre sa croissance future, et la famille Allatt pourra se concentrer sur ses nombreux projets philanthropiques et ses int\u00e9r\u00eats commerciaux plus vastes.\u00a0\u00a0<\/span><span data-ccp-props=\"{&quot;335551550&quot;:6,&quot;335551620&quot;:6}\">\u00a0<\/span><\/p>\n<p><span data-contrast=\"auto\">Reg Allatt a d\u00e9clar\u00e9 : <\/span><span data-contrast=\"none\">\u00ab<\/span><span data-contrast=\"auto\"> J&rsquo;ai eu l&rsquo;immense occasion et le privil\u00e8ge d&rsquo;assister \u00e0 la transformation de notre organisation au cours des derni\u00e8res d\u00e9cennies. Mon p\u00e8re et moi serons toujours les premiers \u00e0 reconna\u00eetre les efforts d\u00e9vou\u00e9s de tous les membres d&rsquo;\u00e9quipe de Global Excel, dont certains sont avec nous depuis le tout d\u00e9but. Global Excel est positionn\u00e9e pour une croissance efficace \u00e0 long terme, et je suis convaincu qu&rsquo;ensemble, nous c\u00e9l\u00e9brerons encore plus de succ\u00e8s au cours de la prochaine phase de notre parcours. En tant que pr\u00e9sident ex\u00e9cutif, je me r\u00e9jouis de pouvoir concentrer mon attention sur la poursuite de nos activit\u00e9s de fusion et d&rsquo;acquisition, ainsi que sur le d\u00e9veloppement de nouveaux produits, services et technologies. Je consid\u00e8re que ces deux \u00e9l\u00e9ments sont essentiels \u00e0 la poursuite de la croissance de Global Excel. Naturellement, de concert avec mon p\u00e8re, je continuerai \u00e0 conseiller activement l&rsquo;ensemble de l&rsquo;\u00e9quipe de la haute direction.<\/span><span data-contrast=\"none\"> \u00bb<\/span><span data-ccp-props=\"{&quot;134233117&quot;:false,&quot;134233118&quot;:false,&quot;201341983&quot;:0,&quot;335551550&quot;:6,&quot;335551620&quot;:6,&quot;335559685&quot;:0,&quot;335559737&quot;:0,&quot;335559738&quot;:0,&quot;335559739&quot;:160,&quot;335559740&quot;:279}\">\u00a0<\/span><\/p>\n<p><span data-contrast=\"auto\">Phil Hibbert a d\u00e9clar\u00e9 : <\/span><span data-contrast=\"none\">\u00ab <\/span><span data-contrast=\"auto\">La vision de Global Excel est peut-\u00eatre simple en paroles, mais elle demeure plus complexe en r\u00e9alit\u00e9 : <\/span><b><span data-contrast=\"auto\">\u00eatre l&rsquo;organisation de solutions de gestion des risques en mati\u00e8re de sant\u00e9 la plus digne de confiance au monde.<\/span><\/b><span data-contrast=\"auto\"> Alors que Global Excel continue de s&rsquo;\u00e9tendre sur le plan g\u00e9ographique, d&rsquo;accro\u00eetre sa client\u00e8le et d&rsquo;ajouter \u00e0 la gamme de services qu&rsquo;elle offre, l&rsquo;un de mes principaux mandats sera de continuer \u00e0 offrir une v\u00e9ritable valeur tangible \u00e0 nos clients commerciaux et \u00e0 leurs membres. Avec l&rsquo;\u00e9quipe de la haute direction, j&rsquo;ai h\u00e2te de relever ce nouveau d\u00e9fi passionnant. Depuis mon arriv\u00e9e \u00e0 Global Excel il y a un peu plus d&rsquo;un an, je crois que nous avons continu\u00e9 \u00e0 cultiver une \u00e9quipe de direction talentueuse, \u00e0 mettre en \u0153uvre des changements essentiels aux processus et aux syst\u00e8mes et \u00e0 am\u00e9liorer la position de Global Excel sur le march\u00e9 en vue d&rsquo;une croissance \u00e0 long terme. J&rsquo;ai h\u00e2te de poursuivre mon travail avec Reg, Steve et l&rsquo;ensemble de l&rsquo;\u00e9quipe de la haute direction dans mes nouvelles fonctions. <\/span><span data-contrast=\"none\">\u00bb<\/span><span data-ccp-props=\"{&quot;134233117&quot;:false,&quot;134233118&quot;:false,&quot;201341983&quot;:0,&quot;335551550&quot;:6,&quot;335551620&quot;:6,&quot;335559685&quot;:0,&quot;335559737&quot;:0,&quot;335559738&quot;:0,&quot;335559739&quot;:160,&quot;335559740&quot;:279}\">\u00a0<\/span><\/p>\n<p><span data-contrast=\"auto\">Si vous avez des questions, n&rsquo;h\u00e9sitez pas \u00e0 contacter votre repr\u00e9sentant des ventes ou votre gestionnaire de compte.\u00a0<\/span><span data-ccp-props=\"{&quot;134233117&quot;:false,&quot;134233118&quot;:false,&quot;201341983&quot;:0,&quot;335551550&quot;:6,&quot;335551620&quot;:6,&quot;335559685&quot;:0,&quot;335559737&quot;:0,&quot;335559738&quot;:0,&quot;335559739&quot;:160,&quot;335559740&quot;:279}\">\u00a0<\/span><\/p>\n<p><span data-contrast=\"auto\">Salutations distingu\u00e9es,<\/span><span data-ccp-props=\"{&quot;134233117&quot;:false,&quot;134233118&quot;:false,&quot;201341983&quot;:0,&quot;335551550&quot;:6,&quot;335551620&quot;:6,&quot;335559685&quot;:0,&quot;335559737&quot;:0,&quot;335559738&quot;:0,&quot;335559739&quot;:160,&quot;335559740&quot;:279}\">\u00a0<\/span><\/p>\n<p><span data-contrast=\"auto\">L\u2019\u00e9quipe de la haute direction\u00a0\u00a0<\/span><span data-ccp-props=\"{&quot;335551550&quot;:6,&quot;335551620&quot;:6}\">\u00a0<\/span><\/p>\n<p><span data-contrast=\"auto\">Gestion Global Excel<\/span><span data-ccp-props=\"{&quot;134233117&quot;:false,&quot;134233118&quot;:false,&quot;201341983&quot;:0,&quot;335551550&quot;:6,&quot;335551620&quot;:6,&quot;335559685&quot;:0,&quot;335559737&quot;:0,&quot;335559738&quot;:0,&quot;335559739&quot;:160,&quot;335559740&quot;:279}\">\u00a0<\/span><\/p>\n","protected":false},"excerpt":{"rendered":"<p>Le 26 mars 2024\u00a0\u00a0\u00a0 \u00a0\u00a0 Gestion Global Excel inc. a annonc\u00e9 aujourd&rsquo;hui qu&rsquo;\u00e0 compter du 26 mars, 2024, Reg Allatt, PDG, assumera un nouveau r\u00f4le de pr\u00e9sident ex\u00e9cutif du conseil d&rsquo;administration; Steve Allatt, pr\u00e9sident du conseil d&rsquo;administration, assumera un nouveau r\u00f4le de pr\u00e9sident \u00e9m\u00e9rite; et Phil Hibbert, actuel pr\u00e9sident des affaires r\u00e9gionales du Canada et [&hellip;]<\/p>\n","protected":false},"author":1,"featured_media":17975,"comment_status":"open","ping_status":"open","sticky":false,"template":"","format":"standard","meta":{"_acf_changed":false,"inline_featured_image":false,"footnotes":""},"categories":[97,96],"tags":[],"class_list":["post-17333","post","type-post","status-publish","format-standard","has-post-thumbnail","hentry","category-communiques-de-presse","category-nouvelles"],"acf":[],"yoast_head":"<!-- This site is optimized with the Yoast SEO plugin v26.4 - https:\/\/yoast.com\/wordpress\/plugins\/seo\/ -->\n<title>Global Excel annonce la nomination d&#039;un nouveau PDG et d&#039;un nouveau pr\u00e9sident ex\u00e9cutif - Global Excel Management Inc.<\/title>\n<meta name=\"robots\" content=\"index, follow, max-snippet:-1, max-image-preview:large, max-video-preview:-1\" \/>\n<link rel=\"canonical\" href=\"https:\/\/globalexcel.com\/global-excel-announces-new-ceo-executive-chairman\/\" \/>\n<meta property=\"og:locale\" content=\"fr_FR\" \/>\n<meta property=\"og:type\" content=\"article\" \/>\n<meta property=\"og:title\" content=\"Global Excel annonce la nomination d&#039;un nouveau PDG et d&#039;un nouveau pr\u00e9sident ex\u00e9cutif - Global Excel Management Inc.\" \/>\n<meta property=\"og:description\" content=\"Le 26 mars 2024\u00a0\u00a0\u00a0 \u00a0\u00a0 Gestion Global Excel inc. a annonc\u00e9 aujourd&rsquo;hui qu&rsquo;\u00e0 compter du 26 mars, 2024, Reg Allatt, PDG, assumera un nouveau r\u00f4le de pr\u00e9sident ex\u00e9cutif du conseil d&rsquo;administration; Steve Allatt, pr\u00e9sident du conseil d&rsquo;administration, assumera un nouveau r\u00f4le de pr\u00e9sident \u00e9m\u00e9rite; et Phil Hibbert, actuel pr\u00e9sident des affaires r\u00e9gionales du Canada et [&hellip;]\" \/>\n<meta property=\"og:url\" content=\"https:\/\/globalexcel.com\/global-excel-announces-new-ceo-executive-chairman\/\" \/>\n<meta property=\"og:site_name\" content=\"Global Excel Management Inc.\" \/>\n<meta property=\"article:published_time\" content=\"2024-04-02T15:59:53+00:00\" \/>\n<meta property=\"article:modified_time\" content=\"2024-11-13T15:18:54+00:00\" \/>\n<meta property=\"og:image\" content=\"https:\/\/globalexcel.com\/wp-content\/uploads\/PhilHibert.jpg\" \/>\n\t<meta property=\"og:image:width\" content=\"1000\" \/>\n\t<meta property=\"og:image:height\" content=\"615\" \/>\n\t<meta property=\"og:image:type\" content=\"image\/jpeg\" \/>\n<meta name=\"author\" content=\"makemagik\" \/>\n<meta name=\"twitter:card\" content=\"summary_large_image\" \/>\n<meta name=\"twitter:label1\" content=\"\u00c9crit par\" \/>\n\t<meta name=\"twitter:data1\" content=\"makemagik\" \/>\n\t<meta name=\"twitter:label2\" content=\"Dur\u00e9e de lecture estim\u00e9e\" \/>\n\t<meta name=\"twitter:data2\" content=\"3 minutes\" \/>\n<script type=\"application\/ld+json\" class=\"yoast-schema-graph\">{\"@context\":\"https:\/\/schema.org\",\"@graph\":[{\"@type\":\"Article\",\"@id\":\"https:\/\/globalexcel.com\/global-excel-announces-new-ceo-executive-chairman\/#article\",\"isPartOf\":{\"@id\":\"https:\/\/globalexcel.com\/global-excel-announces-new-ceo-executive-chairman\/\"},\"author\":{\"name\":\"makemagik\",\"@id\":\"https:\/\/globalexcel.com\/#\/schema\/person\/59fd034cf76606d76c0680fe3ed90a24\"},\"headline\":\"Global Excel annonce la nomination d&rsquo;un nouveau PDG et d&rsquo;un nouveau pr\u00e9sident ex\u00e9cutif\",\"datePublished\":\"2024-04-02T15:59:53+00:00\",\"dateModified\":\"2024-11-13T15:18:54+00:00\",\"mainEntityOfPage\":{\"@id\":\"https:\/\/globalexcel.com\/global-excel-announces-new-ceo-executive-chairman\/\"},\"wordCount\":654,\"commentCount\":0,\"publisher\":{\"@id\":\"https:\/\/globalexcel.com\/#organization\"},\"image\":{\"@id\":\"https:\/\/globalexcel.com\/global-excel-announces-new-ceo-executive-chairman\/#primaryimage\"},\"thumbnailUrl\":\"https:\/\/globalexcel.com\/wp-content\/uploads\/PhilHibert.jpg\",\"articleSection\":[\"Communiqu\u00e9s de presse\",\"Nouvelles\"],\"inLanguage\":\"fr-FR\",\"potentialAction\":[{\"@type\":\"CommentAction\",\"name\":\"Comment\",\"target\":[\"https:\/\/globalexcel.com\/global-excel-announces-new-ceo-executive-chairman\/#respond\"]}]},{\"@type\":\"WebPage\",\"@id\":\"https:\/\/globalexcel.com\/global-excel-announces-new-ceo-executive-chairman\/\",\"url\":\"https:\/\/globalexcel.com\/global-excel-announces-new-ceo-executive-chairman\/\",\"name\":\"Global Excel annonce la nomination d'un nouveau PDG et d'un nouveau pr\u00e9sident ex\u00e9cutif - Global Excel Management Inc.\",\"isPartOf\":{\"@id\":\"https:\/\/globalexcel.com\/#website\"},\"primaryImageOfPage\":{\"@id\":\"https:\/\/globalexcel.com\/global-excel-announces-new-ceo-executive-chairman\/#primaryimage\"},\"image\":{\"@id\":\"https:\/\/globalexcel.com\/global-excel-announces-new-ceo-executive-chairman\/#primaryimage\"},\"thumbnailUrl\":\"https:\/\/globalexcel.com\/wp-content\/uploads\/PhilHibert.jpg\",\"datePublished\":\"2024-04-02T15:59:53+00:00\",\"dateModified\":\"2024-11-13T15:18:54+00:00\",\"breadcrumb\":{\"@id\":\"https:\/\/globalexcel.com\/global-excel-announces-new-ceo-executive-chairman\/#breadcrumb\"},\"inLanguage\":\"fr-FR\",\"potentialAction\":[{\"@type\":\"ReadAction\",\"target\":[\"https:\/\/globalexcel.com\/global-excel-announces-new-ceo-executive-chairman\/\"]}]},{\"@type\":\"ImageObject\",\"inLanguage\":\"fr-FR\",\"@id\":\"https:\/\/globalexcel.com\/global-excel-announces-new-ceo-executive-chairman\/#primaryimage\",\"url\":\"https:\/\/globalexcel.com\/wp-content\/uploads\/PhilHibert.jpg\",\"contentUrl\":\"https:\/\/globalexcel.com\/wp-content\/uploads\/PhilHibert.jpg\",\"width\":1000,\"height\":615},{\"@type\":\"BreadcrumbList\",\"@id\":\"https:\/\/globalexcel.com\/global-excel-announces-new-ceo-executive-chairman\/#breadcrumb\",\"itemListElement\":[{\"@type\":\"ListItem\",\"position\":1,\"name\":\"Accueil\",\"item\":\"https:\/\/globalexcel.com\/\"},{\"@type\":\"ListItem\",\"position\":2,\"name\":\"Global Excel annonce la nomination d&#8217;un nouveau PDG et d&#8217;un nouveau pr\u00e9sident ex\u00e9cutif\"}]},{\"@type\":\"WebSite\",\"@id\":\"https:\/\/globalexcel.com\/#website\",\"url\":\"https:\/\/globalexcel.com\/\",\"name\":\"Global Excel Management Inc.\",\"description\":\"Votre partenaire dans la gestion des co\u00fbts de sant\u00e9\",\"publisher\":{\"@id\":\"https:\/\/globalexcel.com\/#organization\"},\"potentialAction\":[{\"@type\":\"SearchAction\",\"target\":{\"@type\":\"EntryPoint\",\"urlTemplate\":\"https:\/\/globalexcel.com\/?s={search_term_string}\"},\"query-input\":{\"@type\":\"PropertyValueSpecification\",\"valueRequired\":true,\"valueName\":\"search_term_string\"}}],\"inLanguage\":\"fr-FR\"},{\"@type\":\"Organization\",\"@id\":\"https:\/\/globalexcel.com\/#organization\",\"name\":\"Global Excel Management Inc.\",\"url\":\"https:\/\/globalexcel.com\/\",\"logo\":{\"@type\":\"ImageObject\",\"inLanguage\":\"fr-FR\",\"@id\":\"https:\/\/globalexcel.com\/#\/schema\/logo\/image\/\",\"url\":\"https:\/\/globalexcel.com\/wp-content\/uploads\/gemLogoColor.svg\",\"contentUrl\":\"https:\/\/globalexcel.com\/wp-content\/uploads\/gemLogoColor.svg\",\"caption\":\"Global Excel Management Inc.\"},\"image\":{\"@id\":\"https:\/\/globalexcel.com\/#\/schema\/logo\/image\/\"}},{\"@type\":\"Person\",\"@id\":\"https:\/\/globalexcel.com\/#\/schema\/person\/59fd034cf76606d76c0680fe3ed90a24\",\"name\":\"makemagik\",\"image\":{\"@type\":\"ImageObject\",\"inLanguage\":\"fr-FR\",\"@id\":\"https:\/\/globalexcel.com\/#\/schema\/person\/image\/\",\"url\":\"https:\/\/secure.gravatar.com\/avatar\/82434c4102b1d58eeb4918eeeed433b3e2644264e58349979159a85dfb7a4e78?s=96&d=mm&r=g\",\"contentUrl\":\"https:\/\/secure.gravatar.com\/avatar\/82434c4102b1d58eeb4918eeeed433b3e2644264e58349979159a85dfb7a4e78?s=96&d=mm&r=g\",\"caption\":\"makemagik\"},\"sameAs\":[\"https:\/\/globalexcel.com\"],\"url\":\"https:\/\/globalexcel.com\/fr\/author\/makemagik\/\"}]}<\/script>\n<!-- \/ Yoast SEO plugin. -->","yoast_head_json":{"title":"Global Excel annonce la nomination d'un nouveau PDG et d'un nouveau pr\u00e9sident ex\u00e9cutif - Global Excel Management Inc.","robots":{"index":"index","follow":"follow","max-snippet":"max-snippet:-1","max-image-preview":"max-image-preview:large","max-video-preview":"max-video-preview:-1"},"canonical":"https:\/\/globalexcel.com\/global-excel-announces-new-ceo-executive-chairman\/","og_locale":"fr_FR","og_type":"article","og_title":"Global Excel annonce la nomination d'un nouveau PDG et d'un nouveau pr\u00e9sident ex\u00e9cutif - Global Excel Management Inc.","og_description":"Le 26 mars 2024\u00a0\u00a0\u00a0 \u00a0\u00a0 Gestion Global Excel inc. a annonc\u00e9 aujourd&rsquo;hui qu&rsquo;\u00e0 compter du 26 mars, 2024, Reg Allatt, PDG, assumera un nouveau r\u00f4le de pr\u00e9sident ex\u00e9cutif du conseil d&rsquo;administration; Steve Allatt, pr\u00e9sident du conseil d&rsquo;administration, assumera un nouveau r\u00f4le de pr\u00e9sident \u00e9m\u00e9rite; et Phil Hibbert, actuel pr\u00e9sident des affaires r\u00e9gionales du Canada et [&hellip;]","og_url":"https:\/\/globalexcel.com\/global-excel-announces-new-ceo-executive-chairman\/","og_site_name":"Global Excel Management Inc.","article_published_time":"2024-04-02T15:59:53+00:00","article_modified_time":"2024-11-13T15:18:54+00:00","og_image":[{"width":1000,"height":615,"url":"https:\/\/globalexcel.com\/wp-content\/uploads\/PhilHibert.jpg","type":"image\/jpeg"}],"author":"makemagik","twitter_card":"summary_large_image","twitter_misc":{"\u00c9crit par":"makemagik","Dur\u00e9e de lecture estim\u00e9e":"3 minutes"},"schema":{"@context":"https:\/\/schema.org","@graph":[{"@type":"Article","@id":"https:\/\/globalexcel.com\/global-excel-announces-new-ceo-executive-chairman\/#article","isPartOf":{"@id":"https:\/\/globalexcel.com\/global-excel-announces-new-ceo-executive-chairman\/"},"author":{"name":"makemagik","@id":"https:\/\/globalexcel.com\/#\/schema\/person\/59fd034cf76606d76c0680fe3ed90a24"},"headline":"Global Excel annonce la nomination d&rsquo;un nouveau PDG et d&rsquo;un nouveau pr\u00e9sident ex\u00e9cutif","datePublished":"2024-04-02T15:59:53+00:00","dateModified":"2024-11-13T15:18:54+00:00","mainEntityOfPage":{"@id":"https:\/\/globalexcel.com\/global-excel-announces-new-ceo-executive-chairman\/"},"wordCount":654,"commentCount":0,"publisher":{"@id":"https:\/\/globalexcel.com\/#organization"},"image":{"@id":"https:\/\/globalexcel.com\/global-excel-announces-new-ceo-executive-chairman\/#primaryimage"},"thumbnailUrl":"https:\/\/globalexcel.com\/wp-content\/uploads\/PhilHibert.jpg","articleSection":["Communiqu\u00e9s de presse","Nouvelles"],"inLanguage":"fr-FR","potentialAction":[{"@type":"CommentAction","name":"Comment","target":["https:\/\/globalexcel.com\/global-excel-announces-new-ceo-executive-chairman\/#respond"]}]},{"@type":"WebPage","@id":"https:\/\/globalexcel.com\/global-excel-announces-new-ceo-executive-chairman\/","url":"https:\/\/globalexcel.com\/global-excel-announces-new-ceo-executive-chairman\/","name":"Global Excel annonce la nomination d'un nouveau PDG et d'un nouveau pr\u00e9sident ex\u00e9cutif - Global Excel Management Inc.","isPartOf":{"@id":"https:\/\/globalexcel.com\/#website"},"primaryImageOfPage":{"@id":"https:\/\/globalexcel.com\/global-excel-announces-new-ceo-executive-chairman\/#primaryimage"},"image":{"@id":"https:\/\/globalexcel.com\/global-excel-announces-new-ceo-executive-chairman\/#primaryimage"},"thumbnailUrl":"https:\/\/globalexcel.com\/wp-content\/uploads\/PhilHibert.jpg","datePublished":"2024-04-02T15:59:53+00:00","dateModified":"2024-11-13T15:18:54+00:00","breadcrumb":{"@id":"https:\/\/globalexcel.com\/global-excel-announces-new-ceo-executive-chairman\/#breadcrumb"},"inLanguage":"fr-FR","potentialAction":[{"@type":"ReadAction","target":["https:\/\/globalexcel.com\/global-excel-announces-new-ceo-executive-chairman\/"]}]},{"@type":"ImageObject","inLanguage":"fr-FR","@id":"https:\/\/globalexcel.com\/global-excel-announces-new-ceo-executive-chairman\/#primaryimage","url":"https:\/\/globalexcel.com\/wp-content\/uploads\/PhilHibert.jpg","contentUrl":"https:\/\/globalexcel.com\/wp-content\/uploads\/PhilHibert.jpg","width":1000,"height":615},{"@type":"BreadcrumbList","@id":"https:\/\/globalexcel.com\/global-excel-announces-new-ceo-executive-chairman\/#breadcrumb","itemListElement":[{"@type":"ListItem","position":1,"name":"Accueil","item":"https:\/\/globalexcel.com\/"},{"@type":"ListItem","position":2,"name":"Global Excel annonce la nomination d&#8217;un nouveau PDG et d&#8217;un nouveau pr\u00e9sident ex\u00e9cutif"}]},{"@type":"WebSite","@id":"https:\/\/globalexcel.com\/#website","url":"https:\/\/globalexcel.com\/","name":"Global Excel Management Inc.","description":"Votre partenaire dans la gestion des co\u00fbts de sant\u00e9","publisher":{"@id":"https:\/\/globalexcel.com\/#organization"},"potentialAction":[{"@type":"SearchAction","target":{"@type":"EntryPoint","urlTemplate":"https:\/\/globalexcel.com\/?s={search_term_string}"},"query-input":{"@type":"PropertyValueSpecification","valueRequired":true,"valueName":"search_term_string"}}],"inLanguage":"fr-FR"},{"@type":"Organization","@id":"https:\/\/globalexcel.com\/#organization","name":"Global Excel Management Inc.","url":"https:\/\/globalexcel.com\/","logo":{"@type":"ImageObject","inLanguage":"fr-FR","@id":"https:\/\/globalexcel.com\/#\/schema\/logo\/image\/","url":"https:\/\/globalexcel.com\/wp-content\/uploads\/gemLogoColor.svg","contentUrl":"https:\/\/globalexcel.com\/wp-content\/uploads\/gemLogoColor.svg","caption":"Global Excel Management Inc."},"image":{"@id":"https:\/\/globalexcel.com\/#\/schema\/logo\/image\/"}},{"@type":"Person","@id":"https:\/\/globalexcel.com\/#\/schema\/person\/59fd034cf76606d76c0680fe3ed90a24","name":"makemagik","image":{"@type":"ImageObject","inLanguage":"fr-FR","@id":"https:\/\/globalexcel.com\/#\/schema\/person\/image\/","url":"https:\/\/secure.gravatar.com\/avatar\/82434c4102b1d58eeb4918eeeed433b3e2644264e58349979159a85dfb7a4e78?s=96&d=mm&r=g","contentUrl":"https:\/\/secure.gravatar.com\/avatar\/82434c4102b1d58eeb4918eeeed433b3e2644264e58349979159a85dfb7a4e78?s=96&d=mm&r=g","caption":"makemagik"},"sameAs":["https:\/\/globalexcel.com"],"url":"https:\/\/globalexcel.com\/fr\/author\/makemagik\/"}]}},"_links":{"self":[{"href":"https:\/\/globalexcel.com\/fr\/wp-json\/wp\/v2\/posts\/17333","targetHints":{"allow":["GET"]}}],"collection":[{"href":"https:\/\/globalexcel.com\/fr\/wp-json\/wp\/v2\/posts"}],"about":[{"href":"https:\/\/globalexcel.com\/fr\/wp-json\/wp\/v2\/types\/post"}],"author":[{"embeddable":true,"href":"https:\/\/globalexcel.com\/fr\/wp-json\/wp\/v2\/users\/1"}],"replies":[{"embeddable":true,"href":"https:\/\/globalexcel.com\/fr\/wp-json\/wp\/v2\/comments?post=17333"}],"version-history":[{"count":1,"href":"https:\/\/globalexcel.com\/fr\/wp-json\/wp\/v2\/posts\/17333\/revisions"}],"predecessor-version":[{"id":17979,"href":"https:\/\/globalexcel.com\/fr\/wp-json\/wp\/v2\/posts\/17333\/revisions\/17979"}],"wp:featuredmedia":[{"embeddable":true,"href":"https:\/\/globalexcel.com\/fr\/wp-json\/wp\/v2\/media\/17975"}],"wp:attachment":[{"href":"https:\/\/globalexcel.com\/fr\/wp-json\/wp\/v2\/media?parent=17333"}],"wp:term":[{"taxonomy":"category","embeddable":true,"href":"https:\/\/globalexcel.com\/fr\/wp-json\/wp\/v2\/categories?post=17333"},{"taxonomy":"post_tag","embeddable":true,"href":"https:\/\/globalexcel.com\/fr\/wp-json\/wp\/v2\/tags?post=17333"}],"curies":[{"name":"wp","href":"https:\/\/api.w.org\/{rel}","templated":true}]}}