{"id":17802,"date":"2024-04-02T11:59:53","date_gmt":"2024-04-02T15:59:53","guid":{"rendered":"https:\/\/brand.switch.makemagik.com\/global-excel-anuncia-un-nuevo-consejero-delegado-y-presidente-ejecutivo\/"},"modified":"2024-11-13T10:19:45","modified_gmt":"2024-11-13T15:19:45","slug":"global-excel-anuncia-un-nuevo-consejero-delegado-y-presidente-ejecutivo","status":"publish","type":"post","link":"https:\/\/globalexcel.com\/es\/global-excel-anuncia-un-nuevo-consejero-delegado-y-presidente-ejecutivo\/","title":{"rendered":"Global Excel anuncia un nuevo Consejero Delegado y Presidente Ejecutivo"},"content":{"rendered":"<p><span data-contrast=\"auto\">26 de marzo de 2024\u00a0\u00a0<\/span><span data-ccp-props=\"{&quot;335551550&quot;:6,&quot;335551620&quot;:6}\">\u00a0<\/span><\/p>\n<p><span data-ccp-props=\"{&quot;335551550&quot;:6,&quot;335551620&quot;:6}\">\u00a0<\/span><\/p>\n<p><span data-contrast=\"auto\">Global Excel Management Inc. ha anunciado hoy que, con fecha efectiva del 26 de marzo de 2024, el CEO y Presidente Reg Allatt pasar\u00e1 a desempe\u00f1ar el nuevo cargo de Presidente Ejecutivo, el Presidente Steve Allatt pasar\u00e1 a desempe\u00f1ar el nuevo cargo de Presidente Honorario y el actual Presidente Regional de Negocios de Canada y Principal Director de Desarrollo Comercial, Phil Hibbert, ha sido nombrado CEO.\u00a0\u00a0<\/span><span data-ccp-props=\"{&quot;335551550&quot;:6,&quot;335551620&quot;:6}\">\u00a0<\/span><\/p>\n<p><span data-contrast=\"auto\">Durante casi 30 a\u00f1os, bajo el liderazgo de Steve y Reg, Global Excel ha pasado de ser una empresa de asistencia y gesti\u00f3n de casos m\u00e9dicos centrada en la gesti\u00f3n de las reclamaciones m\u00e9dicas de nuestra entonces empresa matriz Expert Travel Financial Security (etfs) a ser una de las mayores empresas independientes de gesti\u00f3n de riesgos sanitarios en la actualidad. Desde su fundaci\u00f3n en 1996, Global Excel ha crecido de forma rentable y con \u00e9xito, y en la actualidad, con m\u00e1s de 1.400 empleados en 9 pa\u00edses, ofrecemos una amplia gama de servicios a m\u00e1s de 1.800 clientes ubicados en m\u00e1s de 90 pa\u00edses de todo el mundo. Con este cambio evolutivo en la estructura directiva de Global Excel, la empresa estar\u00e1 bien posicionada para proseguir su crecimiento futuro y la familia Allatt podr\u00e1 centrarse en sus numerosas iniciativas filantr\u00f3picas y en intereses comerciales m\u00e1s amplios.<\/span><span data-ccp-props=\"{&quot;335551550&quot;:6,&quot;335551620&quot;:6}\">\u00a0<\/span><\/p>\n<p><span data-contrast=\"auto\">Reg Allatt declar\u00f3: \u00abHa sido una gran oportunidad y un privilegio ser testigo de la transformaci\u00f3n de nuestra organizaci\u00f3n en las \u00faltimas d\u00e9cadas. Mi padre y yo siempre seremos los primeros en reconocer los dedicados esfuerzos de todo el equipo de Global Excel, algunos de los cuales han estado con nosotros desde el principio. Global Excel est\u00e1 posicionada para un crecimiento efectivo a largo plazo, y conf\u00edo en que, juntos, celebremos a\u00fan m\u00e1s \u00e9xitos en la siguiente fase de nuestro viaje. Como Presidente Ejecutivo, espero centrar mi atenci\u00f3n en nuestra continua actividad de fusiones y adquisiciones, as\u00ed como en el desarrollo de nuevos productos, servicios y tecnolog\u00edas. Considero que ambos elementos son esenciales para que Global Excel siga creciendo con \u00e9xito. Naturalmente, junto con mi padre, seguir\u00e9 asesorando y aconsejando activamente a todo el Equipo de Liderazgo Ejecutivo (ELT)\u00bb.<\/span><span data-ccp-props=\"{&quot;335551550&quot;:6,&quot;335551620&quot;:6}\">\u00a0<\/span><\/p>\n<p><span data-contrast=\"auto\">Phil Hibbert dijo: \u00abLa visi\u00f3n de Global Excel puede ser sencilla en palabras, pero sigue siendo m\u00e1s compleja en la realidad: <\/span><b><span data-contrast=\"auto\">ser la organizaci\u00f3n de soluciones de gesti\u00f3n de riesgos de la salud mas confiable del mundo.<\/span><\/b><span data-contrast=\"auto\"> A medida que Global Excel siga expandi\u00e9ndose geogr\u00e1ficamente, aumentando la base de clientes y ampliando la gama de servicios que ofrecemos, uno de mis principales mandatos ser\u00e1 seguir proporcionando un verdadero valor tangible a nuestros clientes corporativos y a sus miembros. Junto con el ELT, estoy deseando afrontar este nuevo y apasionante desaf\u00edo. Desde que me un\u00ed a Global Excel hace poco m\u00e1s de un a\u00f1o,\u00a0 hemos seguido cultivando un equipo de liderazgo talentoso, aplicando cambios esenciales en los procesos y sistemas, y mejorando la posici\u00f3n de Global Excel en el mercado para un crecimiento a largo plazo. Espero continuar mi trabajo con Reg, Steve y todo el ELT en mi nuevo cargo\u00bb.\u00a0<\/span><span data-ccp-props=\"{&quot;134233117&quot;:false,&quot;134233118&quot;:false,&quot;201341983&quot;:0,&quot;335551550&quot;:6,&quot;335551620&quot;:6,&quot;335559685&quot;:0,&quot;335559737&quot;:0,&quot;335559738&quot;:0,&quot;335559739&quot;:160,&quot;335559740&quot;:279}\">\u00a0<\/span><\/p>\n<p><span data-contrast=\"auto\">Si tiene alguna pregunta, no dude en ponerse en contacto con su representante de ventas o con su gerente de cuenta.\u00a0<\/span><span data-ccp-props=\"{&quot;335551550&quot;:6,&quot;335551620&quot;:6}\">\u00a0<\/span><\/p>\n<p><span data-ccp-props=\"{&quot;335551550&quot;:6,&quot;335551620&quot;:6}\">\u00a0<\/span><\/p>\n<p><span data-contrast=\"auto\">Un cordial saludo.\u00a0<\/span><span data-ccp-props=\"{&quot;335551550&quot;:6,&quot;335551620&quot;:6}\">\u00a0<\/span><\/p>\n<p><span data-contrast=\"auto\">Equipo de Liderazgo Ejecutivo<\/span><span data-ccp-props=\"{&quot;134233117&quot;:false,&quot;134233118&quot;:false,&quot;201341983&quot;:0,&quot;335551550&quot;:6,&quot;335551620&quot;:6,&quot;335559685&quot;:0,&quot;335559737&quot;:0,&quot;335559738&quot;:0,&quot;335559739&quot;:160,&quot;335559740&quot;:279}\">\u00a0<\/span><\/p>\n<p><span data-contrast=\"auto\">Global Excel Management<\/span><span data-ccp-props=\"{&quot;335551550&quot;:6,&quot;335551620&quot;:6}\">\u00a0<\/span><\/p>\n","protected":false},"excerpt":{"rendered":"<p>26 de marzo de 2024\u00a0\u00a0\u00a0 \u00a0 Global Excel Management Inc. ha anunciado hoy que, con fecha efectiva del 26 de marzo de 2024, el CEO y Presidente Reg Allatt pasar\u00e1 a desempe\u00f1ar el nuevo cargo de Presidente Ejecutivo, el Presidente Steve Allatt pasar\u00e1 a desempe\u00f1ar el nuevo cargo de Presidente Honorario y el actual Presidente [&hellip;]<\/p>\n","protected":false},"author":1,"featured_media":17977,"comment_status":"open","ping_status":"open","sticky":false,"template":"","format":"standard","meta":{"_acf_changed":false,"inline_featured_image":false,"footnotes":""},"categories":[105,106],"tags":[],"class_list":["post-17802","post","type-post","status-publish","format-standard","has-post-thumbnail","hentry","category-comunicados-de-prensa","category-noticias"],"acf":[],"yoast_head":"<!-- This site is optimized with the Yoast SEO plugin v26.4 - https:\/\/yoast.com\/wordpress\/plugins\/seo\/ -->\n<title>Global Excel anuncia un nuevo Consejero Delegado y Presidente Ejecutivo - Global Excel Management Inc.<\/title>\n<meta name=\"robots\" content=\"index, follow, max-snippet:-1, max-image-preview:large, max-video-preview:-1\" \/>\n<link rel=\"canonical\" href=\"https:\/\/globalexcel.com\/es\/global-excel-anuncia-un-nuevo-consejero-delegado-y-presidente-ejecutivo\/\" \/>\n<meta property=\"og:locale\" content=\"es_ES\" \/>\n<meta property=\"og:type\" content=\"article\" \/>\n<meta property=\"og:title\" content=\"Global Excel anuncia un nuevo Consejero Delegado y Presidente Ejecutivo - Global Excel Management Inc.\" \/>\n<meta property=\"og:description\" content=\"26 de marzo de 2024\u00a0\u00a0\u00a0 \u00a0 Global Excel Management Inc. ha anunciado hoy que, con fecha efectiva del 26 de marzo de 2024, el CEO y Presidente Reg Allatt pasar\u00e1 a desempe\u00f1ar el nuevo cargo de Presidente Ejecutivo, el Presidente Steve Allatt pasar\u00e1 a desempe\u00f1ar el nuevo cargo de Presidente Honorario y el actual Presidente [&hellip;]\" \/>\n<meta property=\"og:url\" content=\"https:\/\/globalexcel.com\/es\/global-excel-anuncia-un-nuevo-consejero-delegado-y-presidente-ejecutivo\/\" \/>\n<meta property=\"og:site_name\" content=\"Global Excel Management Inc.\" \/>\n<meta property=\"article:published_time\" content=\"2024-04-02T15:59:53+00:00\" \/>\n<meta property=\"article:modified_time\" content=\"2024-11-13T15:19:45+00:00\" \/>\n<meta property=\"og:image\" content=\"https:\/\/globalexcel.com\/wp-content\/uploads\/PhilHibert.jpg\" \/>\n\t<meta property=\"og:image:width\" content=\"1000\" \/>\n\t<meta property=\"og:image:height\" content=\"615\" \/>\n\t<meta property=\"og:image:type\" content=\"image\/jpeg\" \/>\n<meta name=\"author\" content=\"makemagik\" \/>\n<meta name=\"twitter:card\" content=\"summary_large_image\" \/>\n<meta name=\"twitter:label1\" content=\"Escrito por\" \/>\n\t<meta name=\"twitter:data1\" content=\"makemagik\" \/>\n\t<meta name=\"twitter:label2\" content=\"Tiempo de lectura\" \/>\n\t<meta name=\"twitter:data2\" content=\"3 minutos\" \/>\n<script type=\"application\/ld+json\" class=\"yoast-schema-graph\">{\"@context\":\"https:\/\/schema.org\",\"@graph\":[{\"@type\":\"Article\",\"@id\":\"https:\/\/globalexcel.com\/es\/global-excel-anuncia-un-nuevo-consejero-delegado-y-presidente-ejecutivo\/#article\",\"isPartOf\":{\"@id\":\"https:\/\/globalexcel.com\/es\/global-excel-anuncia-un-nuevo-consejero-delegado-y-presidente-ejecutivo\/\"},\"author\":{\"name\":\"makemagik\",\"@id\":\"https:\/\/globalexcel.com\/#\/schema\/person\/59fd034cf76606d76c0680fe3ed90a24\"},\"headline\":\"Global Excel anuncia un nuevo Consejero Delegado y Presidente Ejecutivo\",\"datePublished\":\"2024-04-02T15:59:53+00:00\",\"dateModified\":\"2024-11-13T15:19:45+00:00\",\"mainEntityOfPage\":{\"@id\":\"https:\/\/globalexcel.com\/es\/global-excel-anuncia-un-nuevo-consejero-delegado-y-presidente-ejecutivo\/\"},\"wordCount\":571,\"commentCount\":0,\"publisher\":{\"@id\":\"https:\/\/globalexcel.com\/#organization\"},\"image\":{\"@id\":\"https:\/\/globalexcel.com\/es\/global-excel-anuncia-un-nuevo-consejero-delegado-y-presidente-ejecutivo\/#primaryimage\"},\"thumbnailUrl\":\"https:\/\/globalexcel.com\/wp-content\/uploads\/PhilHibert.jpg\",\"articleSection\":[\"Comunicados de prensa\",\"Noticias\"],\"inLanguage\":\"es\",\"potentialAction\":[{\"@type\":\"CommentAction\",\"name\":\"Comment\",\"target\":[\"https:\/\/globalexcel.com\/es\/global-excel-anuncia-un-nuevo-consejero-delegado-y-presidente-ejecutivo\/#respond\"]}]},{\"@type\":\"WebPage\",\"@id\":\"https:\/\/globalexcel.com\/es\/global-excel-anuncia-un-nuevo-consejero-delegado-y-presidente-ejecutivo\/\",\"url\":\"https:\/\/globalexcel.com\/es\/global-excel-anuncia-un-nuevo-consejero-delegado-y-presidente-ejecutivo\/\",\"name\":\"Global Excel anuncia un nuevo Consejero Delegado y Presidente Ejecutivo - Global Excel Management Inc.\",\"isPartOf\":{\"@id\":\"https:\/\/globalexcel.com\/#website\"},\"primaryImageOfPage\":{\"@id\":\"https:\/\/globalexcel.com\/es\/global-excel-anuncia-un-nuevo-consejero-delegado-y-presidente-ejecutivo\/#primaryimage\"},\"image\":{\"@id\":\"https:\/\/globalexcel.com\/es\/global-excel-anuncia-un-nuevo-consejero-delegado-y-presidente-ejecutivo\/#primaryimage\"},\"thumbnailUrl\":\"https:\/\/globalexcel.com\/wp-content\/uploads\/PhilHibert.jpg\",\"datePublished\":\"2024-04-02T15:59:53+00:00\",\"dateModified\":\"2024-11-13T15:19:45+00:00\",\"breadcrumb\":{\"@id\":\"https:\/\/globalexcel.com\/es\/global-excel-anuncia-un-nuevo-consejero-delegado-y-presidente-ejecutivo\/#breadcrumb\"},\"inLanguage\":\"es\",\"potentialAction\":[{\"@type\":\"ReadAction\",\"target\":[\"https:\/\/globalexcel.com\/es\/global-excel-anuncia-un-nuevo-consejero-delegado-y-presidente-ejecutivo\/\"]}]},{\"@type\":\"ImageObject\",\"inLanguage\":\"es\",\"@id\":\"https:\/\/globalexcel.com\/es\/global-excel-anuncia-un-nuevo-consejero-delegado-y-presidente-ejecutivo\/#primaryimage\",\"url\":\"https:\/\/globalexcel.com\/wp-content\/uploads\/PhilHibert.jpg\",\"contentUrl\":\"https:\/\/globalexcel.com\/wp-content\/uploads\/PhilHibert.jpg\",\"width\":1000,\"height\":615},{\"@type\":\"BreadcrumbList\",\"@id\":\"https:\/\/globalexcel.com\/es\/global-excel-anuncia-un-nuevo-consejero-delegado-y-presidente-ejecutivo\/#breadcrumb\",\"itemListElement\":[{\"@type\":\"ListItem\",\"position\":1,\"name\":\"inicio\",\"item\":\"https:\/\/globalexcel.com\/\"},{\"@type\":\"ListItem\",\"position\":2,\"name\":\"Global Excel anuncia un nuevo Consejero Delegado y Presidente Ejecutivo\"}]},{\"@type\":\"WebSite\",\"@id\":\"https:\/\/globalexcel.com\/#website\",\"url\":\"https:\/\/globalexcel.com\/\",\"name\":\"Global Excel Management Inc.\",\"description\":\"Su socio en la gesti\u00f3n de costes sanitarios\",\"publisher\":{\"@id\":\"https:\/\/globalexcel.com\/#organization\"},\"potentialAction\":[{\"@type\":\"SearchAction\",\"target\":{\"@type\":\"EntryPoint\",\"urlTemplate\":\"https:\/\/globalexcel.com\/?s={search_term_string}\"},\"query-input\":{\"@type\":\"PropertyValueSpecification\",\"valueRequired\":true,\"valueName\":\"search_term_string\"}}],\"inLanguage\":\"es\"},{\"@type\":\"Organization\",\"@id\":\"https:\/\/globalexcel.com\/#organization\",\"name\":\"Global Excel Management Inc.\",\"url\":\"https:\/\/globalexcel.com\/\",\"logo\":{\"@type\":\"ImageObject\",\"inLanguage\":\"es\",\"@id\":\"https:\/\/globalexcel.com\/#\/schema\/logo\/image\/\",\"url\":\"https:\/\/globalexcel.com\/wp-content\/uploads\/gemLogoColor.svg\",\"contentUrl\":\"https:\/\/globalexcel.com\/wp-content\/uploads\/gemLogoColor.svg\",\"caption\":\"Global Excel Management Inc.\"},\"image\":{\"@id\":\"https:\/\/globalexcel.com\/#\/schema\/logo\/image\/\"}},{\"@type\":\"Person\",\"@id\":\"https:\/\/globalexcel.com\/#\/schema\/person\/59fd034cf76606d76c0680fe3ed90a24\",\"name\":\"makemagik\",\"image\":{\"@type\":\"ImageObject\",\"inLanguage\":\"es\",\"@id\":\"https:\/\/globalexcel.com\/#\/schema\/person\/image\/\",\"url\":\"https:\/\/secure.gravatar.com\/avatar\/82434c4102b1d58eeb4918eeeed433b3e2644264e58349979159a85dfb7a4e78?s=96&d=mm&r=g\",\"contentUrl\":\"https:\/\/secure.gravatar.com\/avatar\/82434c4102b1d58eeb4918eeeed433b3e2644264e58349979159a85dfb7a4e78?s=96&d=mm&r=g\",\"caption\":\"makemagik\"},\"sameAs\":[\"https:\/\/globalexcel.com\"],\"url\":\"https:\/\/globalexcel.com\/es\/author\/makemagik\/\"}]}<\/script>\n<!-- \/ Yoast SEO plugin. -->","yoast_head_json":{"title":"Global Excel anuncia un nuevo Consejero Delegado y Presidente Ejecutivo - Global Excel Management Inc.","robots":{"index":"index","follow":"follow","max-snippet":"max-snippet:-1","max-image-preview":"max-image-preview:large","max-video-preview":"max-video-preview:-1"},"canonical":"https:\/\/globalexcel.com\/es\/global-excel-anuncia-un-nuevo-consejero-delegado-y-presidente-ejecutivo\/","og_locale":"es_ES","og_type":"article","og_title":"Global Excel anuncia un nuevo Consejero Delegado y Presidente Ejecutivo - Global Excel Management Inc.","og_description":"26 de marzo de 2024\u00a0\u00a0\u00a0 \u00a0 Global Excel Management Inc. ha anunciado hoy que, con fecha efectiva del 26 de marzo de 2024, el CEO y Presidente Reg Allatt pasar\u00e1 a desempe\u00f1ar el nuevo cargo de Presidente Ejecutivo, el Presidente Steve Allatt pasar\u00e1 a desempe\u00f1ar el nuevo cargo de Presidente Honorario y el actual Presidente [&hellip;]","og_url":"https:\/\/globalexcel.com\/es\/global-excel-anuncia-un-nuevo-consejero-delegado-y-presidente-ejecutivo\/","og_site_name":"Global Excel Management Inc.","article_published_time":"2024-04-02T15:59:53+00:00","article_modified_time":"2024-11-13T15:19:45+00:00","og_image":[{"width":1000,"height":615,"url":"https:\/\/globalexcel.com\/wp-content\/uploads\/PhilHibert.jpg","type":"image\/jpeg"}],"author":"makemagik","twitter_card":"summary_large_image","twitter_misc":{"Escrito por":"makemagik","Tiempo de lectura":"3 minutos"},"schema":{"@context":"https:\/\/schema.org","@graph":[{"@type":"Article","@id":"https:\/\/globalexcel.com\/es\/global-excel-anuncia-un-nuevo-consejero-delegado-y-presidente-ejecutivo\/#article","isPartOf":{"@id":"https:\/\/globalexcel.com\/es\/global-excel-anuncia-un-nuevo-consejero-delegado-y-presidente-ejecutivo\/"},"author":{"name":"makemagik","@id":"https:\/\/globalexcel.com\/#\/schema\/person\/59fd034cf76606d76c0680fe3ed90a24"},"headline":"Global Excel anuncia un nuevo Consejero Delegado y Presidente Ejecutivo","datePublished":"2024-04-02T15:59:53+00:00","dateModified":"2024-11-13T15:19:45+00:00","mainEntityOfPage":{"@id":"https:\/\/globalexcel.com\/es\/global-excel-anuncia-un-nuevo-consejero-delegado-y-presidente-ejecutivo\/"},"wordCount":571,"commentCount":0,"publisher":{"@id":"https:\/\/globalexcel.com\/#organization"},"image":{"@id":"https:\/\/globalexcel.com\/es\/global-excel-anuncia-un-nuevo-consejero-delegado-y-presidente-ejecutivo\/#primaryimage"},"thumbnailUrl":"https:\/\/globalexcel.com\/wp-content\/uploads\/PhilHibert.jpg","articleSection":["Comunicados de prensa","Noticias"],"inLanguage":"es","potentialAction":[{"@type":"CommentAction","name":"Comment","target":["https:\/\/globalexcel.com\/es\/global-excel-anuncia-un-nuevo-consejero-delegado-y-presidente-ejecutivo\/#respond"]}]},{"@type":"WebPage","@id":"https:\/\/globalexcel.com\/es\/global-excel-anuncia-un-nuevo-consejero-delegado-y-presidente-ejecutivo\/","url":"https:\/\/globalexcel.com\/es\/global-excel-anuncia-un-nuevo-consejero-delegado-y-presidente-ejecutivo\/","name":"Global Excel anuncia un nuevo Consejero Delegado y Presidente Ejecutivo - Global Excel Management Inc.","isPartOf":{"@id":"https:\/\/globalexcel.com\/#website"},"primaryImageOfPage":{"@id":"https:\/\/globalexcel.com\/es\/global-excel-anuncia-un-nuevo-consejero-delegado-y-presidente-ejecutivo\/#primaryimage"},"image":{"@id":"https:\/\/globalexcel.com\/es\/global-excel-anuncia-un-nuevo-consejero-delegado-y-presidente-ejecutivo\/#primaryimage"},"thumbnailUrl":"https:\/\/globalexcel.com\/wp-content\/uploads\/PhilHibert.jpg","datePublished":"2024-04-02T15:59:53+00:00","dateModified":"2024-11-13T15:19:45+00:00","breadcrumb":{"@id":"https:\/\/globalexcel.com\/es\/global-excel-anuncia-un-nuevo-consejero-delegado-y-presidente-ejecutivo\/#breadcrumb"},"inLanguage":"es","potentialAction":[{"@type":"ReadAction","target":["https:\/\/globalexcel.com\/es\/global-excel-anuncia-un-nuevo-consejero-delegado-y-presidente-ejecutivo\/"]}]},{"@type":"ImageObject","inLanguage":"es","@id":"https:\/\/globalexcel.com\/es\/global-excel-anuncia-un-nuevo-consejero-delegado-y-presidente-ejecutivo\/#primaryimage","url":"https:\/\/globalexcel.com\/wp-content\/uploads\/PhilHibert.jpg","contentUrl":"https:\/\/globalexcel.com\/wp-content\/uploads\/PhilHibert.jpg","width":1000,"height":615},{"@type":"BreadcrumbList","@id":"https:\/\/globalexcel.com\/es\/global-excel-anuncia-un-nuevo-consejero-delegado-y-presidente-ejecutivo\/#breadcrumb","itemListElement":[{"@type":"ListItem","position":1,"name":"inicio","item":"https:\/\/globalexcel.com\/"},{"@type":"ListItem","position":2,"name":"Global Excel anuncia un nuevo Consejero Delegado y Presidente Ejecutivo"}]},{"@type":"WebSite","@id":"https:\/\/globalexcel.com\/#website","url":"https:\/\/globalexcel.com\/","name":"Global Excel Management Inc.","description":"Su socio en la gesti\u00f3n de costes sanitarios","publisher":{"@id":"https:\/\/globalexcel.com\/#organization"},"potentialAction":[{"@type":"SearchAction","target":{"@type":"EntryPoint","urlTemplate":"https:\/\/globalexcel.com\/?s={search_term_string}"},"query-input":{"@type":"PropertyValueSpecification","valueRequired":true,"valueName":"search_term_string"}}],"inLanguage":"es"},{"@type":"Organization","@id":"https:\/\/globalexcel.com\/#organization","name":"Global Excel Management Inc.","url":"https:\/\/globalexcel.com\/","logo":{"@type":"ImageObject","inLanguage":"es","@id":"https:\/\/globalexcel.com\/#\/schema\/logo\/image\/","url":"https:\/\/globalexcel.com\/wp-content\/uploads\/gemLogoColor.svg","contentUrl":"https:\/\/globalexcel.com\/wp-content\/uploads\/gemLogoColor.svg","caption":"Global Excel Management Inc."},"image":{"@id":"https:\/\/globalexcel.com\/#\/schema\/logo\/image\/"}},{"@type":"Person","@id":"https:\/\/globalexcel.com\/#\/schema\/person\/59fd034cf76606d76c0680fe3ed90a24","name":"makemagik","image":{"@type":"ImageObject","inLanguage":"es","@id":"https:\/\/globalexcel.com\/#\/schema\/person\/image\/","url":"https:\/\/secure.gravatar.com\/avatar\/82434c4102b1d58eeb4918eeeed433b3e2644264e58349979159a85dfb7a4e78?s=96&d=mm&r=g","contentUrl":"https:\/\/secure.gravatar.com\/avatar\/82434c4102b1d58eeb4918eeeed433b3e2644264e58349979159a85dfb7a4e78?s=96&d=mm&r=g","caption":"makemagik"},"sameAs":["https:\/\/globalexcel.com"],"url":"https:\/\/globalexcel.com\/es\/author\/makemagik\/"}]}},"_links":{"self":[{"href":"https:\/\/globalexcel.com\/es\/wp-json\/wp\/v2\/posts\/17802","targetHints":{"allow":["GET"]}}],"collection":[{"href":"https:\/\/globalexcel.com\/es\/wp-json\/wp\/v2\/posts"}],"about":[{"href":"https:\/\/globalexcel.com\/es\/wp-json\/wp\/v2\/types\/post"}],"author":[{"embeddable":true,"href":"https:\/\/globalexcel.com\/es\/wp-json\/wp\/v2\/users\/1"}],"replies":[{"embeddable":true,"href":"https:\/\/globalexcel.com\/es\/wp-json\/wp\/v2\/comments?post=17802"}],"version-history":[{"count":1,"href":"https:\/\/globalexcel.com\/es\/wp-json\/wp\/v2\/posts\/17802\/revisions"}],"predecessor-version":[{"id":17980,"href":"https:\/\/globalexcel.com\/es\/wp-json\/wp\/v2\/posts\/17802\/revisions\/17980"}],"wp:featuredmedia":[{"embeddable":true,"href":"https:\/\/globalexcel.com\/es\/wp-json\/wp\/v2\/media\/17977"}],"wp:attachment":[{"href":"https:\/\/globalexcel.com\/es\/wp-json\/wp\/v2\/media?parent=17802"}],"wp:term":[{"taxonomy":"category","embeddable":true,"href":"https:\/\/globalexcel.com\/es\/wp-json\/wp\/v2\/categories?post=17802"},{"taxonomy":"post_tag","embeddable":true,"href":"https:\/\/globalexcel.com\/es\/wp-json\/wp\/v2\/tags?post=17802"}],"curies":[{"name":"wp","href":"https:\/\/api.w.org\/{rel}","templated":true}]}}